{"id":335,"date":"2019-12-25T22:54:52","date_gmt":"2019-12-25T21:54:52","guid":{"rendered":"http:\/\/fablorn.net\/?p=335"},"modified":"2019-12-26T20:02:07","modified_gmt":"2019-12-26T19:02:07","slug":"temoignage","status":"publish","type":"post","link":"https:\/\/www.fablorn.net\/index.php\/2019\/12\/25\/temoignage\/","title":{"rendered":"T\u00e9moignage"},"content":{"rendered":"\n<p><strong>Retour d\u2019exp\u00e9rience au sein du Fablab du Lyc\u00e9e de l\u2019Elorn.<\/strong><\/p>\n\n\n\n<figure class=\"wp-block-image size-large\"><img decoding=\"async\" loading=\"lazy\" width=\"129\" height=\"130\" src=\"http:\/\/fablorn.net\/wp-content\/uploads\/2019\/12\/Romain.png\" alt=\"\" class=\"wp-image-336\" srcset=\"https:\/\/www.fablorn.net\/wp-content\/uploads\/2019\/12\/Romain.png 129w, https:\/\/www.fablorn.net\/wp-content\/uploads\/2019\/12\/Romain-50x50.png 50w\" sizes=\"(max-width: 129px) 100vw, 129px\" \/><\/figure>\n\n\n\n<p>Je m\u2019appelle Romain Corre. Apr\u00e8s 5 ans d\u2019exp\u00e9rience professionnelle en tant que chef de produits\/acheteur au sein de deux entreprises fran\u00e7aises (Saint-Gobain et le groupe Fnac\/Darty), ainsi qu\u2019un an de c\u00e9sure en Am\u00e9rique latine, j\u2019ai d\u00e9cid\u00e9 de me lancer dans entrepreneuriat. <\/p>\n\n\n\n<p>Je suis actuellement en cr\u00e9ation d\u2019entreprise sur le d\u00e9veloppement d\u2019un concept innovant dans l\u2019univers de la cosm\u00e9tique. Afin d\u2019avancer sur ce projet et de me rassurer sur la faisabilit\u00e9 d&rsquo;un concept de \u00ab <em>vanity case des temps modernes <\/em>\u00bb, il m\u2019\u00e9tait indispensable de cr\u00e9er un prototype. Etant initialement issu d\u2019une formation technique, il m\u2019est apparu naturel de m\u2019orienter vers le lyc\u00e9e de l\u2019Elorn, lyc\u00e9e dans lequel j\u2019ai r\u00e9alis\u00e9 ma formation  il y a maintenant plus de 10 ans. En prenant contact avec le secr\u00e9tariat, j\u2019ai eu la bonne surprise d\u2019apprendre qu\u2019un fablab \u00e9tait en cours de cr\u00e9ation au lyc\u00e9e. Je pensais initialement me diriger vers l\u2019atelier de menuiserie, mais l&rsquo;univers d&rsquo;un fablab s\u2019est vite av\u00e9r\u00e9 \u00eatre une opportunit\u00e9 tr\u00e8s int\u00e9ressante. J&rsquo;ai simplement envoy\u00e9 un mail au pr\u00e9sident qui m\u2019a r\u00e9pondu avec enthousiasme et m\u2019a laiss\u00e9 entendre qu\u2019il m\u2019accueillerait avec plaisir d\u00e8s que je le d\u00e9sirais. Une fois ce mail re\u00e7u, j\u2019\u00e9tais tellement heureux que j\u2019ai tout de suite pris un train en direction de Landerneau. Il faut savoir que passer par un cabinet d\u2019\u00e9tude sp\u00e9cialis\u00e9 pour d\u00e9velopper un prototype co\u00fbte 50 000\u20ac, je n\u2019ai donc pas h\u00e9sit\u00e9 une seule seconde.  Je suis arriv\u00e9 \u00e0 l\u2019\u00e9tablissement d\u00e8s le lendemain matin, Ga\u00ebtan Mal\u00e9jacq m\u2019a tout de suite mis \u00e0 l\u2019aise, on a pris le temps de discuter du projet et il m\u2019a dans la foul\u00e9e donn\u00e9 tous les outils pour commencer \u00e0 travailler. En 30 minutes nous avions mod\u00e9lis\u00e9 une version tr\u00e8s grossi\u00e8re d\u2019une des pi\u00e8ces que je souhaitais d\u00e9velopper et nous l\u2019avons imm\u00e9diatement fabriqu\u00e9e \u00e0 l\u2019aide d\u2019une imprimante 3D. Vous ne pouvez pas imaginer \u00e0 quel point ce moment a \u00e9t\u00e9 magique pour moi. Passer en quelques minutes de l\u2019imaginaire au r\u00e9el \u00e0 \u00e9t\u00e9 quelque chose d\u2019assez extraordinaire. Ce qui n&rsquo;\u00e9tait il y a quelque temps encore accessible qu\u2019\u00e0 l\u2019industrie est d\u00e9sormais propos\u00e9 aux particuliers tout en \u00e9tant peu on\u00e9reux et abordable techniquement. <\/p>\n\n\n\n<p>L\u2019\u00e9quipe du fablab, Boris, Gilbert, Ga\u00ebtan et Yannig m\u2019a ensuite accompagn\u00e9 sur certains aspects techniques pour lesquels je butais, notamment sur la mod\u00e9lisation 3D et ceci avec discr\u00e9tion. En effet, dans ce genre de projet la confidentialit\u00e9 est un sujet sensible. Ils ont su me mettre en confiance tout en m\u2019apportant les outils n\u00e9cessaires afin que la conception de ce prototype soit une r\u00e9ussite. Cette phase est primordiale, car vous seul avez la vision de ce vers quoi vous voulez aller. Sans support (m\u00e9dia ou physique) il est donc difficile pour les gens de se projeter dans votre projet, or seul on est rien. Ce prototype m\u2019a donc permis d\u2019avoir un retour des futurs utilisateurs et de faire \u00e9voluer le concept, l\u2019am\u00e9liorer, r\u00e9orienter certains aspects, etc.<\/p>\n\n\n\n<p>Je remercie sinc\u00e8rement le lyc\u00e9e de m\u2019avoir ouvert ses portes, les Fabmanagers de m\u2019avoir accord\u00e9 un peu de leur temps malgr\u00e9 leur planning tr\u00e8s charg\u00e9, de m\u2019avoir apport\u00e9 leurs expertises sur des domaines de comp\u00e9tences multiples, de m\u2019avoir partag\u00e9 leurs r\u00e9seaux afin de m\u2019orienter vers les bonnes personnes et enfin je souhaiterais les remercier de leurs bienveillances \u00e0 mon \u00e9gard. <\/p>\n\n\n\n<p>Il est difficile de savoir \u00e0 qui s\u2019adresser, savoir \u00e0 qui faire confiance or je me suis tout de suite senti \u00e0 l\u2019aise et dans les meilleures dispositions pour travailler l\u2019esprit tranquille sur mon projet.<\/p>\n\n\n\n<p>Je reste d\u2019ailleurs tr\u00e8s flatt\u00e9 d\u2019avoir \u00e9t\u00e9 la premi\u00e8re personne \u00e0 travailler au sein de ce fablab, ce avant m\u00eame qu\u2019il soit ouvert au public. L\u2019exp\u00e9rience \u00e9tait d\u2019ailleurs tellement enrichissante et fructueuse que je travaille actuellement sur un prototype plus abouti, un prototype proche de la version finale qui fera je l\u2019esp\u00e8re bient\u00f4t l\u2019objet d\u2019une commercialisation.<\/p>\n\n\n\n<figure class=\"wp-block-image size-large\"><img decoding=\"async\" loading=\"lazy\" width=\"1024\" height=\"683\" src=\"http:\/\/fablorn.net\/wp-content\/uploads\/2019\/12\/IMG_7654-1-1024x683.jpg\" alt=\"\" class=\"wp-image-340\" srcset=\"https:\/\/www.fablorn.net\/wp-content\/uploads\/2019\/12\/IMG_7654-1-1024x683.jpg 1024w, https:\/\/www.fablorn.net\/wp-content\/uploads\/2019\/12\/IMG_7654-1-300x200.jpg 300w, https:\/\/www.fablorn.net\/wp-content\/uploads\/2019\/12\/IMG_7654-1-768x512.jpg 768w, https:\/\/www.fablorn.net\/wp-content\/uploads\/2019\/12\/IMG_7654-1-1536x1024.jpg 1536w, https:\/\/www.fablorn.net\/wp-content\/uploads\/2019\/12\/IMG_7654-1-2048x1365.jpg 2048w\" sizes=\"(max-width: 1024px) 100vw, 1024px\" \/><\/figure>\n\n\n\n<p><\/p>\n","protected":false},"excerpt":{"rendered":"<p>Retour d\u2019exp\u00e9rience au sein du Fablab du Lyc\u00e9e de l\u2019Elorn. Je m\u2019appelle Romain Corre. Apr\u00e8s 5 ans d\u2019exp\u00e9rience professionnelle en tant que chef de produits\/acheteur au sein de deux entreprises fran\u00e7aises (Saint-Gobain et le groupe Fnac\/Darty), ainsi qu\u2019un an de c\u00e9sure en Am\u00e9rique latine, j\u2019ai d\u00e9cid\u00e9 de me lancer dans entrepreneuriat. Je suis actuellement en [&hellip;]<\/p>\n","protected":false},"author":2,"featured_media":0,"comment_status":"closed","ping_status":"closed","sticky":false,"template":"","format":"standard","meta":[],"categories":[1],"tags":[],"_wp_attached_file":null,"_wp_attachment_metadata":null,"_wp_attachment_context":null,"_wp_attachment_custom_header_last_used_twentyseventeen":null,"_wp_attachment_is_custom_header":null,"_wp_attachment_backup_sizes":null,"_wp_attachment_image_alt":null,"_oembed_e49fa112b0d6a49b06318866150db97b":null,"_menu_item_type":null,"_menu_item_menu_item_parent":null,"_menu_item_object_id":null,"_menu_item_object":null,"_menu_item_target":null,"_menu_item_classes":null,"_menu_item_xfn":null,"_menu_item_url":null,"_menu_item_template":null,"_menu_item_mega_template":null,"_menu_item_nolink":null,"_menu_item_category_post":null,"_menu_item_megamenu":null,"_menu_item_megamenu_auto_width":null,"_menu_item_megamenu_col":null,"_menu_item_megamenu_heading":null,"_menu_item_megamenu_widgetarea":null,"_menu_item_icon":null,"_oembed_6152ab67c9385ab8ed6fae445b4ae2dd":null,"_oembed_fbac3e1c93a06513a42cb2d1390ec2a9":null,"ocean_post_layout":null,"_thumbnail_id":null,"ocean_gallery_link_images":null,"ocean_link_format_target":null,"ocean_quote_format_link":null,"enclosure":null,"_wp_old_date":null,"_oembed_4ffd94412871a99e71ea5cbba3338a81":null,"_oembed_8887e99e9aa5ab548c404df5dbdd2a0d":null,"_oembed_69d74c0e4773458865776f7b71bfd527":null,"_form":null,"_mail":null,"_mail_2":null,"_messages":null,"_additional_settings":null,"_locale":null,"_edit_lock":"1577396736:2","_edit_last":null,"_elementor_edit_mode":null,"_elementor_template_type":null,"_elementor_version":null,"_wp_page_template":null,"_elementor_data":null,"_elementor_page_settings":null,"_elementor_css":null,"_wpas_done_all":"1","ocean_sidebar":null,"ocean_second_sidebar":null,"ocean_disable_margins":null,"ocean_display_top_bar":null,"ocean_display_header":null,"ocean_center_header_left_menu":null,"ocean_custom_header_template":null,"ocean_header_custom_menu":null,"ocean_menu_typo_font_family":null,"ocean_disable_title":null,"ocean_disable_heading":null,"ocean_disable_breadcrumbs":null,"ocean_display_footer_widgets":null,"ocean_display_footer_bottom":null,"ocean_custom_footer_template":null,"_elementor_controls_usage":null,"_oembed_8479042a1480d3b76287d7d9f2b6ae70":null,"_elementor_page_assets":null,"_links":{"self":[{"href":"https:\/\/www.fablorn.net\/index.php\/wp-json\/wp\/v2\/posts\/335"}],"collection":[{"href":"https:\/\/www.fablorn.net\/index.php\/wp-json\/wp\/v2\/posts"}],"about":[{"href":"https:\/\/www.fablorn.net\/index.php\/wp-json\/wp\/v2\/types\/post"}],"author":[{"embeddable":true,"href":"https:\/\/www.fablorn.net\/index.php\/wp-json\/wp\/v2\/users\/2"}],"replies":[{"embeddable":true,"href":"https:\/\/www.fablorn.net\/index.php\/wp-json\/wp\/v2\/comments?post=335"}],"version-history":[{"count":18,"href":"https:\/\/www.fablorn.net\/index.php\/wp-json\/wp\/v2\/posts\/335\/revisions"}],"predecessor-version":[{"id":384,"href":"https:\/\/www.fablorn.net\/index.php\/wp-json\/wp\/v2\/posts\/335\/revisions\/384"}],"wp:attachment":[{"href":"https:\/\/www.fablorn.net\/index.php\/wp-json\/wp\/v2\/media?parent=335"}],"wp:term":[{"taxonomy":"category","embeddable":true,"href":"https:\/\/www.fablorn.net\/index.php\/wp-json\/wp\/v2\/categories?post=335"},{"taxonomy":"post_tag","embeddable":true,"href":"https:\/\/www.fablorn.net\/index.php\/wp-json\/wp\/v2\/tags?post=335"}],"curies":[{"name":"wp","href":"https:\/\/api.w.org\/{rel}","templated":true}]}}